{"id":344,"count":1,"description":"","link":"https:\/\/www.editiespecialapress.ro\/newtest\/tag\/administratiei-nationale-apele-romane\/","name":"Administra\u0163iei Na\u0163ionale Apele Rom\u00e2ne","slug":"administratiei-nationale-apele-romane","taxonomy":"post_tag","meta":[],"_links":{"self":[{"href":"https:\/\/www.editiespecialapress.ro\/newtest\/wp-json\/wp\/v2\/tags\/344","targetHints":{"allow":["GET"]}}],"collection":[{"href":"https:\/\/www.editiespecialapress.ro\/newtest\/wp-json\/wp\/v2\/tags"}],"about":[{"href":"https:\/\/www.editiespecialapress.ro\/newtest\/wp-json\/wp\/v2\/taxonomies\/post_tag"}],"wp:post_type":[{"href":"https:\/\/www.editiespecialapress.ro\/newtest\/wp-json\/wp\/v2\/posts?tags=344"}],"curies":[{"name":"wp","href":"https:\/\/api.w.org\/{rel}","templated":true}]}}