{"id":376,"count":1,"description":"","link":"https:\/\/www.editiespecialapress.ro\/newtest\/tag\/administratiei-bazinale-de-apa-arges-vedea\/","name":"Administra\u0163iei Bazinale de Ap\u0103 Arge\u015f-Vedea","slug":"administratiei-bazinale-de-apa-arges-vedea","taxonomy":"post_tag","meta":[],"_links":{"self":[{"href":"https:\/\/www.editiespecialapress.ro\/newtest\/wp-json\/wp\/v2\/tags\/376","targetHints":{"allow":["GET"]}}],"collection":[{"href":"https:\/\/www.editiespecialapress.ro\/newtest\/wp-json\/wp\/v2\/tags"}],"about":[{"href":"https:\/\/www.editiespecialapress.ro\/newtest\/wp-json\/wp\/v2\/taxonomies\/post_tag"}],"wp:post_type":[{"href":"https:\/\/www.editiespecialapress.ro\/newtest\/wp-json\/wp\/v2\/posts?tags=376"}],"curies":[{"name":"wp","href":"https:\/\/api.w.org\/{rel}","templated":true}]}}