{"id":490,"count":1,"description":"","link":"https:\/\/www.editiespecialapress.ro\/newtest\/tag\/administratiei-judetene-a-finantelor-publice-arges\/","name":"Administra\u0163iei Jude\u0163ene a Finan\u0163elor Publice Arge\u0219","slug":"administratiei-judetene-a-finantelor-publice-arges","taxonomy":"post_tag","meta":[],"_links":{"self":[{"href":"https:\/\/www.editiespecialapress.ro\/newtest\/wp-json\/wp\/v2\/tags\/490","targetHints":{"allow":["GET"]}}],"collection":[{"href":"https:\/\/www.editiespecialapress.ro\/newtest\/wp-json\/wp\/v2\/tags"}],"about":[{"href":"https:\/\/www.editiespecialapress.ro\/newtest\/wp-json\/wp\/v2\/taxonomies\/post_tag"}],"wp:post_type":[{"href":"https:\/\/www.editiespecialapress.ro\/newtest\/wp-json\/wp\/v2\/posts?tags=490"}],"curies":[{"name":"wp","href":"https:\/\/api.w.org\/{rel}","templated":true}]}}