{"id":776,"count":1,"description":"","link":"https:\/\/www.editiespecialapress.ro\/newtest\/tag\/sectia-nr-2-de-militie-rurala-albota\/","name":"Sec\u0163ia nr. 2 de mili\u0163ie rural\u0103 Albota","slug":"sectia-nr-2-de-militie-rurala-albota","taxonomy":"post_tag","meta":[],"_links":{"self":[{"href":"https:\/\/www.editiespecialapress.ro\/newtest\/wp-json\/wp\/v2\/tags\/776","targetHints":{"allow":["GET"]}}],"collection":[{"href":"https:\/\/www.editiespecialapress.ro\/newtest\/wp-json\/wp\/v2\/tags"}],"about":[{"href":"https:\/\/www.editiespecialapress.ro\/newtest\/wp-json\/wp\/v2\/taxonomies\/post_tag"}],"wp:post_type":[{"href":"https:\/\/www.editiespecialapress.ro\/newtest\/wp-json\/wp\/v2\/posts?tags=776"}],"curies":[{"name":"wp","href":"https:\/\/api.w.org\/{rel}","templated":true}]}}